{"id":356,"date":"2024-07-30T11:01:12","date_gmt":"2024-07-30T11:01:12","guid":{"rendered":"https:\/\/inclusive-apprenticeships.eu\/2024\/07\/30\/staerken-wir-alle-handeln-sie-fuer-eine-bessere-zukunft\/"},"modified":"2024-07-30T12:35:25","modified_gmt":"2024-07-30T12:35:25","slug":"staerken-wir-alle-handeln-sie-fuer-eine-bessere-zukunft","status":"publish","type":"post","link":"https:\/\/inclusive-apprenticeships.eu\/de\/staerken-wir-alle-handeln-sie-fuer-eine-bessere-zukunft\/","title":{"rendered":"St\u00e4rken wir alle.  Handeln Sie  f\u00fcr eine bessere Zukunft!"},"content":{"rendered":"<p><strong>Liebe Partner_innen und Unterst\u00fctzer_innen des Projekts Inclusive Apprenticeships<\/strong><\/p>\n<p>Wir freuen uns, Ihnen die neuesten Updates und Fortschritte in unserem Projekt zur F\u00f6rderung integrativer Lehrstellen mitteilen zu k\u00f6nnen. Unser Projekt entwickelt sich st\u00e4ndig weiter, und Ihre Beteiligung und Ihre Beitr\u00e4ge sind f\u00fcr seinen Erfolg unerl\u00e4sslich.<\/p>\n<p><strong>Aktuelle Projektfortschritte<\/strong><\/p>\n<p>Wir haben gro\u00dfe Fortschritte bei der Entwicklung des Schulungsprogramms f\u00fcr Unternehmensmentor_innen gemacht, die mit Auszubildenden aus benachteiligten Verh\u00e4ltnissen arbeiten. Das j\u00fcngste und wichtigste Dokument, das bisher erstellt wurde, ist der Konzeptentwurf.<\/p>\n<p>Das Dokument dient als Grundlage f\u00fcr die Erstellung eines in thematische Module gegliederten Fernlehrgangs zum Selbststudium. Dieser Kurs wird \u00fcber eine mehrsprachige, interaktive E-Learning-Plattform angeboten. Es wird erwartet, dass 120 Unternehmensmentor_innen aus Rum\u00e4nien, Bulgarien und \u00d6sterreich \u00fcber diese Plattform geschult werden, um Lehrlinge aus benachteiligten Verh\u00e4ltnissen zu unterst\u00fctzen<\/p>\n<p><strong>Das Konzeptdesign-Dokument ist ein umfassender Leitfaden f\u00fcr die Entwicklung der Ausbildungsinhalte f\u00fcr Auszubildende. Es umfasst:<\/strong><\/p>\n<ul>\n<li>Einf\u00fchrung und Schulungsrahmen: Pr\u00e4sentation der Lernziele und erwarteten Ergebnisse sowie der Struktur und des Umfangs des Programms.<\/li>\n<li>Modulstruktur und Zielsetzungen: Detaillierte Beschreibung der Module, einschlie\u00dflich der behandelten Themen, der Lernziele, der erwarteten Ergebnisse und der f\u00fcr jedes Modul ben\u00f6tigten Zeit.<\/li>\n<li>Leitlinien f\u00fcr die Mitgestaltung: Anweisungen f\u00fcr Partner_innen, die an der Entwicklung von Inhalten beteiligt sind, um die Konsistenz und Qualit\u00e4t des Schulungsmaterials zu gew\u00e4hrleisten.<\/li>\n<li>Modul-Beispiele: Beispiele f\u00fcr Einf\u00fchrungsseiten, Lektionen, Bewertungsseiten und zus\u00e4tzliche Ressourcen f\u00fcr jedes Modul.<\/li>\n<\/ul>\n<p><strong>Transnationales Treffen in Sofia<\/strong><\/p>\n<p>Am 9. und 10. Mai 2024 fand in Sofia, Bulgarien, das zweite transnationale Partnertreffen statt, das vom INTEMPORE EOOD ausgerichtet wurde. Dieses Treffen brachte Vertreter_innen aus Rum\u00e4nien, \u00d6sterreich, Bulgarien und Griechenland zusammen. Auf der Tagesordnung standen ausf\u00fchrliche Pr\u00e4sentationen \u00fcber den aktuellen Stand des Projekts, Diskussionen \u00fcber die E-Learning-Plattform und den Verbreitungsplan. Wir haben auch die Qualit\u00e4tssicherung und die Risikoanalyse im Zusammenhang mit dem Projekt behandelt. Es war eine ausgezeichnete Gelegenheit, unser Konzept zu validieren und kurzfristige Ma\u00dfnahmen zu planen.<\/p>\n<p><strong>Verf\u00fcgbare Ressourcen und Plattformen<\/strong><\/p>\n<p>Wir laden Sie ein, unsere offizielle Webseite <a href=\"http:\/\/inclusive-apprenticeships.eu\">inclusive-apprenticeships.eu<\/a> zu besuchen und unserer <a href=\"https:\/\/www.facebook.com\/profile.php?id=61558543504518\">Inclusive Apprenticeships Project<\/a> zu folgen, um \u00fcber alle aktuellen Neuigkeiten und bevorstehenden Veranstaltungen auf dem Laufenden zu bleiben.<\/p>\n<p>Von der Europ\u00e4ischen Union finanziert. Die ge\u00e4u\u00dferten Ansichten und Meinungen entsprechen jedoch ausschlie\u00dflich denen des Autors bzw. der Autoren und spiegeln nicht zwingend die der Europ\u00e4ischen Union oder der Rum\u00e4nischen Nationalagentur ANPCDEFP wider. Weder die Europ\u00e4ische Union noch die ANPCDEFP k\u00f6nnen daf\u00fcr verantwortlich gemacht werden. [Projektnummer: 2023-1-RO01-KA220-VET-000158142]\n","protected":false},"excerpt":{"rendered":"<p>Liebe Partner_innen und Unterst\u00fctzer_innen des Projekts Inclusive Apprenticeships Wir freuen uns, Ihnen die neuesten Updates und Fortschritte in unserem Projekt zur F\u00f6rderung integrativer Lehrstellen mitteilen zu k\u00f6nnen. Unser Projekt entwickelt sich st\u00e4ndig weiter, und Ihre Beteiligung und Ihre Beitr\u00e4ge sind f\u00fcr seinen Erfolg unerl\u00e4sslich. Aktuelle Projektfortschritte Wir haben gro\u00dfe Fortschritte bei der Entwicklung des Schulungsprogramms&#8230;<\/p>\n","protected":false},"author":1,"featured_media":347,"comment_status":"open","ping_status":"open","sticky":false,"template":"","format":"standard","meta":{"footnotes":""},"categories":[28],"tags":[],"class_list":["post-356","post","type-post","status-publish","format-standard","has-post-thumbnail","hentry","category-nachrichten"],"_links":{"self":[{"href":"https:\/\/inclusive-apprenticeships.eu\/de\/wp-json\/wp\/v2\/posts\/356","targetHints":{"allow":["GET"]}}],"collection":[{"href":"https:\/\/inclusive-apprenticeships.eu\/de\/wp-json\/wp\/v2\/posts"}],"about":[{"href":"https:\/\/inclusive-apprenticeships.eu\/de\/wp-json\/wp\/v2\/types\/post"}],"author":[{"embeddable":true,"href":"https:\/\/inclusive-apprenticeships.eu\/de\/wp-json\/wp\/v2\/users\/1"}],"replies":[{"embeddable":true,"href":"https:\/\/inclusive-apprenticeships.eu\/de\/wp-json\/wp\/v2\/comments?post=356"}],"version-history":[{"count":1,"href":"https:\/\/inclusive-apprenticeships.eu\/de\/wp-json\/wp\/v2\/posts\/356\/revisions"}],"predecessor-version":[{"id":385,"href":"https:\/\/inclusive-apprenticeships.eu\/de\/wp-json\/wp\/v2\/posts\/356\/revisions\/385"}],"wp:featuredmedia":[{"embeddable":true,"href":"https:\/\/inclusive-apprenticeships.eu\/de\/wp-json\/wp\/v2\/media\/347"}],"wp:attachment":[{"href":"https:\/\/inclusive-apprenticeships.eu\/de\/wp-json\/wp\/v2\/media?parent=356"}],"wp:term":[{"taxonomy":"category","embeddable":true,"href":"https:\/\/inclusive-apprenticeships.eu\/de\/wp-json\/wp\/v2\/categories?post=356"},{"taxonomy":"post_tag","embeddable":true,"href":"https:\/\/inclusive-apprenticeships.eu\/de\/wp-json\/wp\/v2\/tags?post=356"}],"curies":[{"name":"wp","href":"https:\/\/api.w.org\/{rel}","templated":true}]}}