{"id":358,"date":"2024-07-30T11:01:12","date_gmt":"2024-07-30T11:01:12","guid":{"rendered":"https:\/\/inclusive-apprenticeships.eu\/2024\/07\/30\/hai-sa-imputernicim-pe-toti-actioneaza-pentru-un-viitor-mai-luminos\/"},"modified":"2024-07-30T11:01:12","modified_gmt":"2024-07-30T11:01:12","slug":"hai-sa-imputernicim-pe-toti-actioneaza-pentru-un-viitor-mai-luminos","status":"publish","type":"post","link":"https:\/\/inclusive-apprenticeships.eu\/ro\/hai-sa-imputernicim-pe-toti-actioneaza-pentru-un-viitor-mai-luminos\/","title":{"rendered":"Hai s\u0103 \u00eemputernicim pe to\u021bi. Ac\u021bioneaz\u0103 pentru un viitor mai luminos!"},"content":{"rendered":"<p><strong>Dragi parteneri \u0219i sus\u021bin\u0103tori ai proiectului Inclusive Apprenticeships<\/strong><\/p>\n<p>Suntem \u00eenc\u00e2nta\u021bi s\u0103 \u00eemp\u0103rt\u0103\u0219im ultimele nout\u0103\u021bi \u0219i progrese \u00een proiectul nostru dedicat promov\u0103rii uceniciilor incluzive. Proiectul nostru continu\u0103 s\u0103 evolueze, iar implicarea \u0219i contribu\u021biile dumneavoastr\u0103 sunt esen\u021biale pentru succesul acestuia.<\/p>\n<p><strong>Progresele proiectului:<\/strong><\/p>\n<p>Am f\u0103cut progrese semnificative \u00een dezvoltarea programului de formare pentru mentorii din companii care lucreaz\u0103 cu ucenici proveni\u021bi din medii defavorizate. Cel mai recent \u0219i important document produs p\u00e2n\u0103 acum este Designul Conceptual.<\/p>\n<p>Documentul serve\u0219te drept fundament pentru crearea unui curs de \u00eenv\u0103\u021bare la distan\u021b\u0103, autoghidat, structurat \u00een module tematice. Acest curs va fi livrat printr-o platform\u0103 de e-learning interactiv\u0103 \u0219i multilingv\u0103. Se preconizeaz\u0103 c\u0103 120 de mentori din companii din Rom\u00e2nia, Bulgaria \u0219i Austria vor fi forma\u021bi prin intermediul acestei platforme pentru a sprijini ucenici proveni\u021bi din medii defavorizate.<\/p>\n<p><strong>Acest document este un ghid cuprinz\u0103tor pentru dezvoltarea con\u021binutului programului de formare pentru ucenici. Cuprinde:<\/strong><\/p>\n<ul>\n<li>Introducere \u0219i Cadru de Formare: Prezentarea obiectivelor de \u00eenv\u0103\u021bare \u0219i a rezultatelor a\u0219teptate, precum \u0219i structura \u0219i domeniul de aplicare al programului.<\/li>\n<li>Structura \u0219i Obiectivele Modulului: Descriere detaliat\u0103 a modulelor, inclusiv subiectele abordate, obiectivele de \u00eenv\u0103\u021bare, rezultatele a\u0219teptate \u0219i timpul necesar pentru a finaliza fiecare modul.<\/li>\n<li>Linii Directoare pentru Co-Creare: Instruc\u021biuni pentru partenerii implica\u021bi \u00een dezvoltarea con\u021binutului, asigur\u00e2nd consisten\u021ba \u0219i calitatea materialelor de formare.<\/li>\n<li>Exemple de Module: Exemple de pagini introductive, lec\u021bii, pagini de evaluare \u0219i resurse suplimentare pentru fiecare modul.<\/li>\n<\/ul>\n<p><strong>\u00cent\u00e2lnire Transna\u021bional\u0103 la Sofia<\/strong><strong>\u00a0<\/strong><\/p>\n<p>\u00cen perioada 9-10 mai 2024, a avut loc a doua \u00eent\u00e2lnire transna\u021bional\u0103 a partenerilor la Sofia, Bulgaria, g\u0103zduit\u0103 de INTEMPORE EOOD. Aceast\u0103 \u00eent\u00e2lnire a reunit reprezentan\u021bi din Rom\u00e2nia, Austria, Bulgaria \u0219i Grecia. Agenda a inclus prezent\u0103ri detaliate privind stadiul actual al proiectului, discu\u021bii despre platforma de e-learning \u0219i planul de diseminare. De asemenea, am abordat asigurarea calit\u0103\u021bii \u0219i analiza riscurilor asociate proiectului. A fost o oportunitate excelent\u0103 pentru a valida conceptul nostru \u0219i pentru a planifica ac\u021biuni pe termen scurt.<\/p>\n<p><strong>Resurse \u0219i platforme disponibile<\/strong><\/p>\n<p>V\u0103 invit\u0103m s\u0103 vizita\u021bi site-ul nostru oficial <a href=\"http:\/\/inclusive-apprenticeships.eu\">inclusive-apprenticeships.eu<\/a> \u0219i s\u0103 urm\u0103ri\u021bi pagina noastr\u0103 de Facebook <a href=\"https:\/\/www.facebook.com\/profile.php?id=61558543504518\">Inclusive Apprenticeships Project<\/a> pentru a r\u0103m\u00e2ne la curent cu toate nout\u0103\u021bile \u0219i evenimentele viitoare.<\/p>\n<p>Finan\u021bat de Uniunea European\u0103. Punctele de vedere \u0219i opiniile exprimate apar\u021bin, \u00eens\u0103, exclusiv autorului (autorilor) \u0219i nu reflect\u0103 neap\u0103rat punctele de vedere \u0219i opiniile Uniunii Europene sau ale ANPCDEFP. Nici Uniunea European\u0103 \u0219i nici ANPCDEFP nu pot fi considerate r\u0103spunz\u0103toare pentru acestea<\/p>\n[Project number: 2023-1-RO01-KA220-VET-000158142]\n","protected":false},"excerpt":{"rendered":"<p>Dragi parteneri \u0219i sus\u021bin\u0103tori ai proiectului Inclusive Apprenticeships Suntem \u00eenc\u00e2nta\u021bi s\u0103 \u00eemp\u0103rt\u0103\u0219im ultimele nout\u0103\u021bi \u0219i progrese \u00een proiectul nostru dedicat promov\u0103rii uceniciilor incluzive. Proiectul nostru continu\u0103 s\u0103 evolueze, iar implicarea \u0219i contribu\u021biile dumneavoastr\u0103 sunt esen\u021biale pentru succesul acestuia. Progresele proiectului: Am f\u0103cut progrese semnificative \u00een dezvoltarea programului de formare pentru mentorii din companii care lucreaz\u0103&#8230;<\/p>\n","protected":false},"author":1,"featured_media":349,"comment_status":"open","ping_status":"open","sticky":false,"template":"","format":"standard","meta":{"footnotes":""},"categories":[30],"tags":[],"class_list":["post-358","post","type-post","status-publish","format-standard","has-post-thumbnail","hentry","category-stiri"],"_links":{"self":[{"href":"https:\/\/inclusive-apprenticeships.eu\/ro\/wp-json\/wp\/v2\/posts\/358","targetHints":{"allow":["GET"]}}],"collection":[{"href":"https:\/\/inclusive-apprenticeships.eu\/ro\/wp-json\/wp\/v2\/posts"}],"about":[{"href":"https:\/\/inclusive-apprenticeships.eu\/ro\/wp-json\/wp\/v2\/types\/post"}],"author":[{"embeddable":true,"href":"https:\/\/inclusive-apprenticeships.eu\/ro\/wp-json\/wp\/v2\/users\/1"}],"replies":[{"embeddable":true,"href":"https:\/\/inclusive-apprenticeships.eu\/ro\/wp-json\/wp\/v2\/comments?post=358"}],"version-history":[{"count":0,"href":"https:\/\/inclusive-apprenticeships.eu\/ro\/wp-json\/wp\/v2\/posts\/358\/revisions"}],"wp:featuredmedia":[{"embeddable":true,"href":"https:\/\/inclusive-apprenticeships.eu\/ro\/wp-json\/wp\/v2\/media\/349"}],"wp:attachment":[{"href":"https:\/\/inclusive-apprenticeships.eu\/ro\/wp-json\/wp\/v2\/media?parent=358"}],"wp:term":[{"taxonomy":"category","embeddable":true,"href":"https:\/\/inclusive-apprenticeships.eu\/ro\/wp-json\/wp\/v2\/categories?post=358"},{"taxonomy":"post_tag","embeddable":true,"href":"https:\/\/inclusive-apprenticeships.eu\/ro\/wp-json\/wp\/v2\/tags?post=358"}],"curies":[{"name":"wp","href":"https:\/\/api.w.org\/{rel}","templated":true}]}}